{"id":263,"date":"2020-02-10T07:41:00","date_gmt":"2020-02-10T07:41:00","guid":{"rendered":"https:\/\/blog.moscarossa.biz\/?p=263"},"modified":"2020-02-19T09:54:17","modified_gmt":"2020-02-19T09:54:17","slug":"a-san-valentino-vai-di-labbra-a-genova","status":"publish","type":"post","link":"https:\/\/blog.moscarossa.biz\/index.php\/2020\/02\/10\/a-san-valentino-vai-di-labbra-a-genova\/","title":{"rendered":"A San Valentino vai di LABBRA  a Genova"},"content":{"rendered":"<div class=\"entry\">\n<p><\/p>\n<h1 class=\"wp-block-heading\">Invitante, tagliente, splendido, splendente!<br \/>\n<\/h1>\n<p><\/p>\n<p><\/p>\n<p>Ricordate la canzone della Rettore? Le<br \/>\nsue parole accompagnano le scene salienti riprese nel video<br \/>\npromozionale di \u201cLABBRA\u201d lo spettacolo scritto<br \/>\ne diretto da Irene Lamponi e interpretato dalla stessa Irene Lamponi<br \/>\ne da Sarah Pesca.<\/p>\n<p><\/p>\n<p><br \/>\n<!--more--><br \/>\n<\/p>\n<p><\/p>\n<p><strong>Una data speciale per andarlo a vedere?  <\/strong>Scegliete il 14 Febbraio 2020, quando salir\u00e0 sul palcoscenico del Teatro di Ponente (ex Teatro Gargo) a Genova.  <\/p>\n<p><\/p>\n<p><\/p>\n<h3 class=\"wp-block-heading\">Labbra e tab\u00f9<\/h3>\n<p><\/p>\n<p><\/p>\n<p>\u201c<em>Io<br \/>\nnon posso essere come voglio. Io non posso essere sempre me.\u201d<\/em><\/p>\n<p><\/p>\n<p><\/p>\n<p>In<em><strong> Labbra<\/strong> si entra in confidenza, <\/em>in maniera divertente, amara e spiazzante con i spiazzanti tab\u00f9 legati al sesso e al rapporto con l\u2019altro. Si parte dalle donne, ma alla fine entra come parte attiva la societ\u00e0 tutta. <\/p>\n<p><\/p>\n<p><\/p>\n<ul class=\"wp-block-list\">\n<li>\nCosa sono<br \/>\n\tnella nostra contemporaneit\u00e0 il sesso, l\u2019amore, la violenza? <\/p>\n<\/li>\n<li>\nQuanto<br \/>\n\tsiamo liberi nelle nostre azioni quotidiane? <\/p>\n<\/li>\n<\/ul>\n<p><\/p>\n<p><\/p>\n<p>Confessioni, intimit\u00e0 e desideri svelano a poco a poco <a href=\"https:\/\/www.osservatore.ch\/labbra-uno-spettacolo-irriverente-sui-tabu-sessuali-lamore-e-la-violenza_21569.html\">emozioni devastanti<\/a>.  <\/p>\n<p><\/p>\n<p><\/p>\n<p>Lo spettacolo si<br \/>\nsviluppa in <a href=\"https:\/\/www.mentelocale.it\/genova\/eventi\/146216-labbra-il-bagno-un-sogno-io.htm\">tre<br \/>\nquadri<\/a>:\n<\/p>\n<p><\/p>\n<p><\/p>\n<ol class=\"wp-block-list\">\n<li>\n<strong>il<br \/>\n\tprimo \u00e8 un dialogo comico. <\/strong><br \/>\nCi<br \/>\n\tsi trova in quello \u201cspazio\u201d in cui un uomo per definizione NON<br \/>\n\tpotrebbe mai entrare, fisico e non: ci sono due amiche, nel<br \/>\n\tbagno di casa, che tra <strong>depilazioni<\/strong>,<br \/>\n\t<strong>mestruazioni<\/strong>,<br \/>\n\t<strong>perversioni<\/strong><br \/>\n\te <strong>paure<\/strong><br \/>\n\tparlano a se stesse di obblighi e costrizioni che la societ\u00e0<br \/>\n\tcontemporanea impone;\n\t<\/li>\n<li>\n<strong>nella<br \/>\n\tseconda parte sono proprio le vagine stesse a parlare<\/strong>,<br \/>\n\tstrizzate, sognatrici, agguerrite. <br \/>\nLe citazioni e ispirazioni<br \/>\n\tprovengono dai <em>Monologhi della<br \/>\n\tvagina<\/em>, opera<br \/>\n\tteatrale del 1996 di Eve Ensler;\n\t<\/li>\n<li>\n<strong>fino ad<br \/>\n\tarrivare alla terza e conclusiva parte<\/strong>,<br \/>\n\tdove le due attrici si uniscono in una sola voce che racconta del<br \/>\n\tsesso come violenza e oggetto di strumentalizzazione della stampa.\n<\/li>\n<\/ol>\n<p><\/p>\n<p><\/p>\n<p>Ticket ed info disponibili sull\u2019evento<br \/>\ndi Facebook al link: <a href=\"https:\/\/www.facebook.com\/events\/220581548957863\/\">https:\/\/www.facebook.com\/events\/220581548957863\/<\/a>\n<\/p>\n<p><\/p>\n<p><\/p>\n<h1 class=\"wp-block-heading\">Cosa ne pensa la<br \/>\nstampa<\/h1>\n<p><\/p>\n<p><\/p>\n<blockquote class=\"wp-block-quote is-layout-flow wp-block-quote-is-layout-flow\">\n<p>&#8220;Labbra \u00e8 percorso da una sana ambizione: illuminare le zone taciute, ma in realt\u00e0 parte rilevante del nostro inconscio culturale e sociale.&#8221; <\/p>\n<p><cite> L&#8217;Oca Critica<\/cite><\/p><\/blockquote>\n<p><\/p>\n<p><\/p>\n<blockquote class=\"wp-block-quote is-layout-flow wp-block-quote-is-layout-flow\">\n<p>&#8220;Oltre che su un ottimo testo &#8220;Labbra&#8221; pu\u00f2 contare anche su una recitazione di alto livello. \u00c8 uno spettacolo &#8220;politico&#8221; senza alcuna presunzione, \u00e8 diretto e crudo senza essere volgare.&#8221;<\/p>\n<p><cite>D. Curcio<\/cite><\/p><\/blockquote>\n<p><\/p>\n<p><\/p>\n<blockquote class=\"wp-block-quote is-layout-flow wp-block-quote-is-layout-flow\">\n<p>&#8220;Comicit\u00e0, poesia, riflessione politica in Labbra di Irene Lamponi.&#8221; <\/p>\n<p><cite>L. Santini &#8211; Mentelocale<\/cite><\/p><\/blockquote>\n<p><\/p>\n<\/div>\n","protected":false},"excerpt":{"rendered":"<p>Invitante, tagliente, splendido, splendente! Ricordate la canzone della Rettore? Le sue parole accompagnano le scene salienti riprese nel video promozionale di \u201cLABBRA\u201d lo spettacolo scritto e diretto da Irene Lamponi e interpretato dalla stessa Irene Lamponi e da Sarah Pesca.<\/p>\n","protected":false},"author":4,"featured_media":265,"comment_status":"open","ping_status":"open","sticky":false,"template":"","format":"standard","meta":{"_exactmetrics_skip_tracking":false,"_exactmetrics_sitenote_active":false,"_exactmetrics_sitenote_note":"","_exactmetrics_sitenote_category":0,"footnotes":""},"categories":[75],"tags":[],"class_list":{"0":"post-263","1":"post","2":"type-post","3":"status-publish","4":"format-standard","5":"has-post-thumbnail","7":"category-eventi","8":"anons"},"yoast_head":"<!-- This site is optimized with the Yoast SEO plugin v27.5 - https:\/\/yoast.com\/product\/yoast-seo-wordpress\/ -->\n<title>A San Valentino vai di LABBRA a Genova -<\/title>\n<meta name=\"robots\" content=\"index, follow, max-snippet:-1, max-image-preview:large, max-video-preview:-1\" \/>\n<link rel=\"canonical\" href=\"https:\/\/blog.moscarossa.biz\/index.php\/2020\/02\/10\/a-san-valentino-vai-di-labbra-a-genova\/\" \/>\n<meta property=\"og:locale\" content=\"it_IT\" \/>\n<meta property=\"og:type\" content=\"article\" \/>\n<meta property=\"og:title\" content=\"A San Valentino vai di LABBRA a Genova -\" \/>\n<meta property=\"og:description\" content=\"Invitante, tagliente, splendido, splendente! Ricordate la canzone della Rettore? Le sue parole accompagnano le scene salienti riprese nel video promozionale di \u201cLABBRA\u201d lo spettacolo scritto e diretto da Irene Lamponi e interpretato dalla stessa Irene Lamponi e da Sarah Pesca.\" \/>\n<meta property=\"og:url\" content=\"https:\/\/blog.moscarossa.biz\/index.php\/2020\/02\/10\/a-san-valentino-vai-di-labbra-a-genova\/\" \/>\n<meta property=\"article:published_time\" content=\"2020-02-10T07:41:00+00:00\" \/>\n<meta property=\"article:modified_time\" content=\"2020-02-19T09:54:17+00:00\" \/>\n<meta property=\"og:image\" content=\"https:\/\/blog.moscarossa.biz\/wp-content\/uploads\/2020\/02\/21764842_118447182199240_2542520597888800496_n.jpg\" \/>\n\t<meta property=\"og:image:width\" content=\"900\" \/>\n\t<meta property=\"og:image:height\" content=\"500\" \/>\n\t<meta property=\"og:image:type\" content=\"image\/jpeg\" \/>\n<meta name=\"author\" content=\"Diavoletta 666\" \/>\n<meta name=\"twitter:card\" content=\"summary_large_image\" \/>\n<meta name=\"twitter:label1\" content=\"Scritto da\" \/>\n\t<meta name=\"twitter:data1\" content=\"Diavoletta 666\" \/>\n\t<meta name=\"twitter:label2\" content=\"Tempo di lettura stimato\" \/>\n\t<meta name=\"twitter:data2\" content=\"2 minuti\" \/>\n<script type=\"application\/ld+json\" class=\"yoast-schema-graph\">{\"@context\":\"https:\\\/\\\/schema.org\",\"@graph\":[{\"@type\":\"Article\",\"@id\":\"https:\\\/\\\/blog.moscarossa.biz\\\/index.php\\\/2020\\\/02\\\/10\\\/a-san-valentino-vai-di-labbra-a-genova\\\/#article\",\"isPartOf\":{\"@id\":\"https:\\\/\\\/blog.moscarossa.biz\\\/index.php\\\/2020\\\/02\\\/10\\\/a-san-valentino-vai-di-labbra-a-genova\\\/\"},\"author\":{\"name\":\"Diavoletta 666\",\"@id\":\"https:\\\/\\\/blog.moscarossa.biz\\\/#\\\/schema\\\/person\\\/5e5bfbbb8cab7a84f579bc0812359510\"},\"headline\":\"A San Valentino vai di LABBRA a Genova\",\"datePublished\":\"2020-02-10T07:41:00+00:00\",\"dateModified\":\"2020-02-19T09:54:17+00:00\",\"mainEntityOfPage\":{\"@id\":\"https:\\\/\\\/blog.moscarossa.biz\\\/index.php\\\/2020\\\/02\\\/10\\\/a-san-valentino-vai-di-labbra-a-genova\\\/\"},\"wordCount\":357,\"commentCount\":0,\"image\":{\"@id\":\"https:\\\/\\\/blog.moscarossa.biz\\\/index.php\\\/2020\\\/02\\\/10\\\/a-san-valentino-vai-di-labbra-a-genova\\\/#primaryimage\"},\"thumbnailUrl\":\"https:\\\/\\\/blog.moscarossa.biz\\\/wp-content\\\/uploads\\\/2020\\\/02\\\/21764842_118447182199240_2542520597888800496_n.jpg\",\"articleSection\":[\"Eventi\"],\"inLanguage\":\"it-IT\",\"potentialAction\":[{\"@type\":\"CommentAction\",\"name\":\"Comment\",\"target\":[\"https:\\\/\\\/blog.moscarossa.biz\\\/index.php\\\/2020\\\/02\\\/10\\\/a-san-valentino-vai-di-labbra-a-genova\\\/#respond\"]}]},{\"@type\":\"WebPage\",\"@id\":\"https:\\\/\\\/blog.moscarossa.biz\\\/index.php\\\/2020\\\/02\\\/10\\\/a-san-valentino-vai-di-labbra-a-genova\\\/\",\"url\":\"https:\\\/\\\/blog.moscarossa.biz\\\/index.php\\\/2020\\\/02\\\/10\\\/a-san-valentino-vai-di-labbra-a-genova\\\/\",\"name\":\"A San Valentino vai di LABBRA a Genova -\",\"isPartOf\":{\"@id\":\"https:\\\/\\\/blog.moscarossa.biz\\\/#website\"},\"primaryImageOfPage\":{\"@id\":\"https:\\\/\\\/blog.moscarossa.biz\\\/index.php\\\/2020\\\/02\\\/10\\\/a-san-valentino-vai-di-labbra-a-genova\\\/#primaryimage\"},\"image\":{\"@id\":\"https:\\\/\\\/blog.moscarossa.biz\\\/index.php\\\/2020\\\/02\\\/10\\\/a-san-valentino-vai-di-labbra-a-genova\\\/#primaryimage\"},\"thumbnailUrl\":\"https:\\\/\\\/blog.moscarossa.biz\\\/wp-content\\\/uploads\\\/2020\\\/02\\\/21764842_118447182199240_2542520597888800496_n.jpg\",\"datePublished\":\"2020-02-10T07:41:00+00:00\",\"dateModified\":\"2020-02-19T09:54:17+00:00\",\"author\":{\"@id\":\"https:\\\/\\\/blog.moscarossa.biz\\\/#\\\/schema\\\/person\\\/5e5bfbbb8cab7a84f579bc0812359510\"},\"breadcrumb\":{\"@id\":\"https:\\\/\\\/blog.moscarossa.biz\\\/index.php\\\/2020\\\/02\\\/10\\\/a-san-valentino-vai-di-labbra-a-genova\\\/#breadcrumb\"},\"inLanguage\":\"it-IT\",\"potentialAction\":[{\"@type\":\"ReadAction\",\"target\":[\"https:\\\/\\\/blog.moscarossa.biz\\\/index.php\\\/2020\\\/02\\\/10\\\/a-san-valentino-vai-di-labbra-a-genova\\\/\"]}]},{\"@type\":\"ImageObject\",\"inLanguage\":\"it-IT\",\"@id\":\"https:\\\/\\\/blog.moscarossa.biz\\\/index.php\\\/2020\\\/02\\\/10\\\/a-san-valentino-vai-di-labbra-a-genova\\\/#primaryimage\",\"url\":\"https:\\\/\\\/blog.moscarossa.biz\\\/wp-content\\\/uploads\\\/2020\\\/02\\\/21764842_118447182199240_2542520597888800496_n.jpg\",\"contentUrl\":\"https:\\\/\\\/blog.moscarossa.biz\\\/wp-content\\\/uploads\\\/2020\\\/02\\\/21764842_118447182199240_2542520597888800496_n.jpg\",\"width\":900,\"height\":500},{\"@type\":\"BreadcrumbList\",\"@id\":\"https:\\\/\\\/blog.moscarossa.biz\\\/index.php\\\/2020\\\/02\\\/10\\\/a-san-valentino-vai-di-labbra-a-genova\\\/#breadcrumb\",\"itemListElement\":[{\"@type\":\"ListItem\",\"position\":1,\"name\":\"Home\",\"item\":\"https:\\\/\\\/blog.moscarossa.biz\\\/\"},{\"@type\":\"ListItem\",\"position\":2,\"name\":\"A San Valentino vai di LABBRA a Genova\"}]},{\"@type\":\"WebSite\",\"@id\":\"https:\\\/\\\/blog.moscarossa.biz\\\/#website\",\"url\":\"https:\\\/\\\/blog.moscarossa.biz\\\/\",\"name\":\"\",\"description\":\"Escort Blog: tutto sul mondo dell&#039;eros e incontri hot\",\"potentialAction\":[{\"@type\":\"SearchAction\",\"target\":{\"@type\":\"EntryPoint\",\"urlTemplate\":\"https:\\\/\\\/blog.moscarossa.biz\\\/?s={search_term_string}\"},\"query-input\":{\"@type\":\"PropertyValueSpecification\",\"valueRequired\":true,\"valueName\":\"search_term_string\"}}],\"inLanguage\":\"it-IT\"},{\"@type\":\"Person\",\"@id\":\"https:\\\/\\\/blog.moscarossa.biz\\\/#\\\/schema\\\/person\\\/5e5bfbbb8cab7a84f579bc0812359510\",\"name\":\"Diavoletta 666\",\"image\":{\"@type\":\"ImageObject\",\"inLanguage\":\"it-IT\",\"@id\":\"https:\\\/\\\/secure.gravatar.com\\\/avatar\\\/2f8cf6701a80638266e47d0ef5bf1d1656359925af1a40dab94835efe895e042?s=96&d=mm&r=g\",\"url\":\"https:\\\/\\\/secure.gravatar.com\\\/avatar\\\/2f8cf6701a80638266e47d0ef5bf1d1656359925af1a40dab94835efe895e042?s=96&d=mm&r=g\",\"contentUrl\":\"https:\\\/\\\/secure.gravatar.com\\\/avatar\\\/2f8cf6701a80638266e47d0ef5bf1d1656359925af1a40dab94835efe895e042?s=96&d=mm&r=g\",\"caption\":\"Diavoletta 666\"},\"url\":\"https:\\\/\\\/blog.moscarossa.biz\\\/index.php\\\/author\\\/diavoletta666\\\/\"}]}<\/script>\n<!-- \/ Yoast SEO plugin. -->","yoast_head_json":{"title":"A San Valentino vai di LABBRA a Genova -","robots":{"index":"index","follow":"follow","max-snippet":"max-snippet:-1","max-image-preview":"max-image-preview:large","max-video-preview":"max-video-preview:-1"},"canonical":"https:\/\/blog.moscarossa.biz\/index.php\/2020\/02\/10\/a-san-valentino-vai-di-labbra-a-genova\/","og_locale":"it_IT","og_type":"article","og_title":"A San Valentino vai di LABBRA a Genova -","og_description":"Invitante, tagliente, splendido, splendente! Ricordate la canzone della Rettore? Le sue parole accompagnano le scene salienti riprese nel video promozionale di \u201cLABBRA\u201d lo spettacolo scritto e diretto da Irene Lamponi e interpretato dalla stessa Irene Lamponi e da Sarah Pesca.","og_url":"https:\/\/blog.moscarossa.biz\/index.php\/2020\/02\/10\/a-san-valentino-vai-di-labbra-a-genova\/","article_published_time":"2020-02-10T07:41:00+00:00","article_modified_time":"2020-02-19T09:54:17+00:00","og_image":[{"width":900,"height":500,"url":"https:\/\/blog.moscarossa.biz\/wp-content\/uploads\/2020\/02\/21764842_118447182199240_2542520597888800496_n.jpg","type":"image\/jpeg"}],"author":"Diavoletta 666","twitter_card":"summary_large_image","twitter_misc":{"Scritto da":"Diavoletta 666","Tempo di lettura stimato":"2 minuti"},"schema":{"@context":"https:\/\/schema.org","@graph":[{"@type":"Article","@id":"https:\/\/blog.moscarossa.biz\/index.php\/2020\/02\/10\/a-san-valentino-vai-di-labbra-a-genova\/#article","isPartOf":{"@id":"https:\/\/blog.moscarossa.biz\/index.php\/2020\/02\/10\/a-san-valentino-vai-di-labbra-a-genova\/"},"author":{"name":"Diavoletta 666","@id":"https:\/\/blog.moscarossa.biz\/#\/schema\/person\/5e5bfbbb8cab7a84f579bc0812359510"},"headline":"A San Valentino vai di LABBRA a Genova","datePublished":"2020-02-10T07:41:00+00:00","dateModified":"2020-02-19T09:54:17+00:00","mainEntityOfPage":{"@id":"https:\/\/blog.moscarossa.biz\/index.php\/2020\/02\/10\/a-san-valentino-vai-di-labbra-a-genova\/"},"wordCount":357,"commentCount":0,"image":{"@id":"https:\/\/blog.moscarossa.biz\/index.php\/2020\/02\/10\/a-san-valentino-vai-di-labbra-a-genova\/#primaryimage"},"thumbnailUrl":"https:\/\/blog.moscarossa.biz\/wp-content\/uploads\/2020\/02\/21764842_118447182199240_2542520597888800496_n.jpg","articleSection":["Eventi"],"inLanguage":"it-IT","potentialAction":[{"@type":"CommentAction","name":"Comment","target":["https:\/\/blog.moscarossa.biz\/index.php\/2020\/02\/10\/a-san-valentino-vai-di-labbra-a-genova\/#respond"]}]},{"@type":"WebPage","@id":"https:\/\/blog.moscarossa.biz\/index.php\/2020\/02\/10\/a-san-valentino-vai-di-labbra-a-genova\/","url":"https:\/\/blog.moscarossa.biz\/index.php\/2020\/02\/10\/a-san-valentino-vai-di-labbra-a-genova\/","name":"A San Valentino vai di LABBRA a Genova -","isPartOf":{"@id":"https:\/\/blog.moscarossa.biz\/#website"},"primaryImageOfPage":{"@id":"https:\/\/blog.moscarossa.biz\/index.php\/2020\/02\/10\/a-san-valentino-vai-di-labbra-a-genova\/#primaryimage"},"image":{"@id":"https:\/\/blog.moscarossa.biz\/index.php\/2020\/02\/10\/a-san-valentino-vai-di-labbra-a-genova\/#primaryimage"},"thumbnailUrl":"https:\/\/blog.moscarossa.biz\/wp-content\/uploads\/2020\/02\/21764842_118447182199240_2542520597888800496_n.jpg","datePublished":"2020-02-10T07:41:00+00:00","dateModified":"2020-02-19T09:54:17+00:00","author":{"@id":"https:\/\/blog.moscarossa.biz\/#\/schema\/person\/5e5bfbbb8cab7a84f579bc0812359510"},"breadcrumb":{"@id":"https:\/\/blog.moscarossa.biz\/index.php\/2020\/02\/10\/a-san-valentino-vai-di-labbra-a-genova\/#breadcrumb"},"inLanguage":"it-IT","potentialAction":[{"@type":"ReadAction","target":["https:\/\/blog.moscarossa.biz\/index.php\/2020\/02\/10\/a-san-valentino-vai-di-labbra-a-genova\/"]}]},{"@type":"ImageObject","inLanguage":"it-IT","@id":"https:\/\/blog.moscarossa.biz\/index.php\/2020\/02\/10\/a-san-valentino-vai-di-labbra-a-genova\/#primaryimage","url":"https:\/\/blog.moscarossa.biz\/wp-content\/uploads\/2020\/02\/21764842_118447182199240_2542520597888800496_n.jpg","contentUrl":"https:\/\/blog.moscarossa.biz\/wp-content\/uploads\/2020\/02\/21764842_118447182199240_2542520597888800496_n.jpg","width":900,"height":500},{"@type":"BreadcrumbList","@id":"https:\/\/blog.moscarossa.biz\/index.php\/2020\/02\/10\/a-san-valentino-vai-di-labbra-a-genova\/#breadcrumb","itemListElement":[{"@type":"ListItem","position":1,"name":"Home","item":"https:\/\/blog.moscarossa.biz\/"},{"@type":"ListItem","position":2,"name":"A San Valentino vai di LABBRA a Genova"}]},{"@type":"WebSite","@id":"https:\/\/blog.moscarossa.biz\/#website","url":"https:\/\/blog.moscarossa.biz\/","name":"","description":"Escort Blog: tutto sul mondo dell&#039;eros e incontri hot","potentialAction":[{"@type":"SearchAction","target":{"@type":"EntryPoint","urlTemplate":"https:\/\/blog.moscarossa.biz\/?s={search_term_string}"},"query-input":{"@type":"PropertyValueSpecification","valueRequired":true,"valueName":"search_term_string"}}],"inLanguage":"it-IT"},{"@type":"Person","@id":"https:\/\/blog.moscarossa.biz\/#\/schema\/person\/5e5bfbbb8cab7a84f579bc0812359510","name":"Diavoletta 666","image":{"@type":"ImageObject","inLanguage":"it-IT","@id":"https:\/\/secure.gravatar.com\/avatar\/2f8cf6701a80638266e47d0ef5bf1d1656359925af1a40dab94835efe895e042?s=96&d=mm&r=g","url":"https:\/\/secure.gravatar.com\/avatar\/2f8cf6701a80638266e47d0ef5bf1d1656359925af1a40dab94835efe895e042?s=96&d=mm&r=g","contentUrl":"https:\/\/secure.gravatar.com\/avatar\/2f8cf6701a80638266e47d0ef5bf1d1656359925af1a40dab94835efe895e042?s=96&d=mm&r=g","caption":"Diavoletta 666"},"url":"https:\/\/blog.moscarossa.biz\/index.php\/author\/diavoletta666\/"}]}},"_links":{"self":[{"href":"https:\/\/blog.moscarossa.biz\/index.php\/wp-json\/wp\/v2\/posts\/263","targetHints":{"allow":["GET"]}}],"collection":[{"href":"https:\/\/blog.moscarossa.biz\/index.php\/wp-json\/wp\/v2\/posts"}],"about":[{"href":"https:\/\/blog.moscarossa.biz\/index.php\/wp-json\/wp\/v2\/types\/post"}],"author":[{"embeddable":true,"href":"https:\/\/blog.moscarossa.biz\/index.php\/wp-json\/wp\/v2\/users\/4"}],"replies":[{"embeddable":true,"href":"https:\/\/blog.moscarossa.biz\/index.php\/wp-json\/wp\/v2\/comments?post=263"}],"version-history":[{"count":1,"href":"https:\/\/blog.moscarossa.biz\/index.php\/wp-json\/wp\/v2\/posts\/263\/revisions"}],"predecessor-version":[{"id":264,"href":"https:\/\/blog.moscarossa.biz\/index.php\/wp-json\/wp\/v2\/posts\/263\/revisions\/264"}],"wp:featuredmedia":[{"embeddable":true,"href":"https:\/\/blog.moscarossa.biz\/index.php\/wp-json\/wp\/v2\/media\/265"}],"wp:attachment":[{"href":"https:\/\/blog.moscarossa.biz\/index.php\/wp-json\/wp\/v2\/media?parent=263"}],"wp:term":[{"taxonomy":"category","embeddable":true,"href":"https:\/\/blog.moscarossa.biz\/index.php\/wp-json\/wp\/v2\/categories?post=263"},{"taxonomy":"post_tag","embeddable":true,"href":"https:\/\/blog.moscarossa.biz\/index.php\/wp-json\/wp\/v2\/tags?post=263"}],"curies":[{"name":"wp","href":"https:\/\/api.w.org\/{rel}","templated":true}]}}